{"id":2545,"date":"2021-05-22T10:58:14","date_gmt":"2021-05-22T08:58:14","guid":{"rendered":"http:\/\/marchedudimanche.be\/wordpress\/?p=2545"},"modified":"2021-05-22T10:58:46","modified_gmt":"2021-05-22T08:58:46","slug":"quievrain","status":"publish","type":"post","link":"http:\/\/marchedudimanche.be\/wordpress\/2021\/05\/22\/quievrain\/","title":{"rendered":"Qui\u00e9vrain"},"content":{"rendered":"\n<p>La commune de Qui\u00e9vrain r\u00e9sulte de la\nfusion en 1977 des anciennes communes d\u2019Audregnies, Baisieux et\nQui\u00e9vrain.<\/p>\n\n\n\n<p>La population est d\u2019environ 7000\nhabitants sur un territoire de 2122 ha.<\/p>\n\n\n\n<p>Qui\u00e9vrain est une localit\u00e9 frontali\u00e8re avec la France, Elle est travers\u00e9e par la Grande Honnelle qui marque la fronti\u00e8re avec la France.<\/p>\n\n\n\n<figure class=\"wp-block-image size-large\"><img fetchpriority=\"high\" decoding=\"async\" width=\"620\" height=\"310\" src=\"http:\/\/marchedudimanche.be\/wordpress\/wp-content\/uploads\/2021\/05\/image-9.png\" alt=\"\" class=\"wp-image-2546\" srcset=\"http:\/\/marchedudimanche.be\/wordpress\/wp-content\/uploads\/2021\/05\/image-9.png 620w, http:\/\/marchedudimanche.be\/wordpress\/wp-content\/uploads\/2021\/05\/image-9-300x150.png 300w\" sizes=\"(max-width: 620px) 100vw, 620px\" \/><figcaption>La fronti\u00e8re<\/figcaption><\/figure>\n","protected":false},"excerpt":{"rendered":"<p>La commune de Qui\u00e9vrain r\u00e9sulte de la fusion en 1977 des anciennes communes d\u2019Audregnies, Baisieux et Qui\u00e9vrain. La population est d\u2019environ 7000 habitants sur un territoire de 2122 ha. Qui\u00e9vrain est une localit\u00e9 frontali\u00e8re avec la France, Elle est travers\u00e9e par la Grande Honnelle qui marque la fronti\u00e8re avec la France.<\/p>\n","protected":false},"author":4,"featured_media":0,"comment_status":"closed","ping_status":"open","sticky":false,"template":"","format":"standard","meta":{"footnotes":""},"categories":[45],"tags":[],"class_list":["post-2545","post","type-post","status-publish","format-standard","hentry","category-quievrain"],"_links":{"self":[{"href":"http:\/\/marchedudimanche.be\/wordpress\/wp-json\/wp\/v2\/posts\/2545","targetHints":{"allow":["GET"]}}],"collection":[{"href":"http:\/\/marchedudimanche.be\/wordpress\/wp-json\/wp\/v2\/posts"}],"about":[{"href":"http:\/\/marchedudimanche.be\/wordpress\/wp-json\/wp\/v2\/types\/post"}],"author":[{"embeddable":true,"href":"http:\/\/marchedudimanche.be\/wordpress\/wp-json\/wp\/v2\/users\/4"}],"replies":[{"embeddable":true,"href":"http:\/\/marchedudimanche.be\/wordpress\/wp-json\/wp\/v2\/comments?post=2545"}],"version-history":[{"count":1,"href":"http:\/\/marchedudimanche.be\/wordpress\/wp-json\/wp\/v2\/posts\/2545\/revisions"}],"predecessor-version":[{"id":2547,"href":"http:\/\/marchedudimanche.be\/wordpress\/wp-json\/wp\/v2\/posts\/2545\/revisions\/2547"}],"wp:attachment":[{"href":"http:\/\/marchedudimanche.be\/wordpress\/wp-json\/wp\/v2\/media?parent=2545"}],"wp:term":[{"taxonomy":"category","embeddable":true,"href":"http:\/\/marchedudimanche.be\/wordpress\/wp-json\/wp\/v2\/categories?post=2545"},{"taxonomy":"post_tag","embeddable":true,"href":"http:\/\/marchedudimanche.be\/wordpress\/wp-json\/wp\/v2\/tags?post=2545"}],"curies":[{"name":"wp","href":"https:\/\/api.w.org\/{rel}","templated":true}]}}