{"id":2604,"date":"2021-05-26T20:53:57","date_gmt":"2021-05-26T18:53:57","guid":{"rendered":"http:\/\/marchedudimanche.be\/wordpress\/?p=2604"},"modified":"2021-05-26T21:13:08","modified_gmt":"2021-05-26T19:13:08","slug":"wiheries-gare","status":"publish","type":"post","link":"http:\/\/marchedudimanche.be\/wordpress\/2021\/05\/26\/wiheries-gare\/","title":{"rendered":"Le Ravel 98A et la gare de Wih\u00e9ries"},"content":{"rendered":"\n<p>La ligne de chemin de fer Dour \u2013\nRoisin-Autreppe a \u00e9t\u00e9 ouverte dans sa totalit\u00e9 le 12 juin 1882. Au\nmilieu des ann\u00e9es 1890 elle sera m\u00eame une ligne internationale avec\nson prolongement vers Bavay. En 1939, suite \u00e0 la d\u00e9claration de\nguerre entre la France et l\u2019Allemagne, la section frontali\u00e8re sera\nd\u00e9ferr\u00e9e et ne sera jamais r\u00e9tablie la paix revenue.<\/p>\n\n\n\n<p>Le service voyageur entre Dour et Roisin-Autreppe prendra fin le 11 mai 1961.<\/p>\n\n\n\n<figure class=\"wp-block-image size-large\"><img fetchpriority=\"high\" decoding=\"async\" width=\"960\" height=\"720\" src=\"http:\/\/marchedudimanche.be\/wordpress\/wp-content\/uploads\/2021\/05\/image-15.png\" alt=\"\" class=\"wp-image-2606\" srcset=\"http:\/\/marchedudimanche.be\/wordpress\/wp-content\/uploads\/2021\/05\/image-15.png 960w, http:\/\/marchedudimanche.be\/wordpress\/wp-content\/uploads\/2021\/05\/image-15-300x225.png 300w, http:\/\/marchedudimanche.be\/wordpress\/wp-content\/uploads\/2021\/05\/image-15-768x576.png 768w\" sizes=\"(max-width: 960px) 100vw, 960px\" \/><figcaption>La gare de Wih\u00e9ries transform\u00e9e en habitation priv\u00e9e<br><\/figcaption><\/figure>\n\n\n\n<figure class=\"wp-block-image size-large\"><img decoding=\"async\" width=\"960\" height=\"720\" src=\"http:\/\/marchedudimanche.be\/wordpress\/wp-content\/uploads\/2021\/05\/image-16.png\" alt=\"\" class=\"wp-image-2607\" srcset=\"http:\/\/marchedudimanche.be\/wordpress\/wp-content\/uploads\/2021\/05\/image-16.png 960w, http:\/\/marchedudimanche.be\/wordpress\/wp-content\/uploads\/2021\/05\/image-16-300x225.png 300w, http:\/\/marchedudimanche.be\/wordpress\/wp-content\/uploads\/2021\/05\/image-16-768x576.png 768w\" sizes=\"(max-width: 960px) 100vw, 960px\" \/><figcaption>Le Ravel entre Wih\u00e9ries et Audregnies<\/figcaption><\/figure>\n\n\n\n<p><\/p>\n","protected":false},"excerpt":{"rendered":"<p>La ligne de chemin de fer Dour \u2013 Roisin-Autreppe a \u00e9t\u00e9 ouverte dans sa totalit\u00e9 le 12 juin 1882. Au milieu des ann\u00e9es 1890 elle sera m\u00eame une ligne internationale avec son prolongement vers Bavay. En 1939, suite \u00e0 la d\u00e9claration de guerre entre la France et l\u2019Allemagne, la section frontali\u00e8re sera d\u00e9ferr\u00e9e et ne [&hellip;]<\/p>\n","protected":false},"author":2,"featured_media":0,"comment_status":"closed","ping_status":"open","sticky":false,"template":"","format":"standard","meta":{"footnotes":""},"categories":[16,56],"tags":[],"class_list":["post-2604","post","type-post","status-publish","format-standard","hentry","category-chemins-de-fer","category-wiheries"],"_links":{"self":[{"href":"http:\/\/marchedudimanche.be\/wordpress\/wp-json\/wp\/v2\/posts\/2604","targetHints":{"allow":["GET"]}}],"collection":[{"href":"http:\/\/marchedudimanche.be\/wordpress\/wp-json\/wp\/v2\/posts"}],"about":[{"href":"http:\/\/marchedudimanche.be\/wordpress\/wp-json\/wp\/v2\/types\/post"}],"author":[{"embeddable":true,"href":"http:\/\/marchedudimanche.be\/wordpress\/wp-json\/wp\/v2\/users\/2"}],"replies":[{"embeddable":true,"href":"http:\/\/marchedudimanche.be\/wordpress\/wp-json\/wp\/v2\/comments?post=2604"}],"version-history":[{"count":1,"href":"http:\/\/marchedudimanche.be\/wordpress\/wp-json\/wp\/v2\/posts\/2604\/revisions"}],"predecessor-version":[{"id":2608,"href":"http:\/\/marchedudimanche.be\/wordpress\/wp-json\/wp\/v2\/posts\/2604\/revisions\/2608"}],"wp:attachment":[{"href":"http:\/\/marchedudimanche.be\/wordpress\/wp-json\/wp\/v2\/media?parent=2604"}],"wp:term":[{"taxonomy":"category","embeddable":true,"href":"http:\/\/marchedudimanche.be\/wordpress\/wp-json\/wp\/v2\/categories?post=2604"},{"taxonomy":"post_tag","embeddable":true,"href":"http:\/\/marchedudimanche.be\/wordpress\/wp-json\/wp\/v2\/tags?post=2604"}],"curies":[{"name":"wp","href":"https:\/\/api.w.org\/{rel}","templated":true}]}}