{"id":3172,"date":"2021-10-03T21:15:53","date_gmt":"2021-10-03T19:15:53","guid":{"rendered":"http:\/\/marchedudimanche.be\/wordpress\/?p=3172"},"modified":"2021-10-03T21:16:18","modified_gmt":"2021-10-03T19:16:18","slug":"blaton","status":"publish","type":"post","link":"http:\/\/marchedudimanche.be\/wordpress\/2021\/10\/03\/blaton\/","title":{"rendered":"Blaton"},"content":{"rendered":"\n<p>Blaton fait\npartie de l\u2019entit\u00e9 de Bernissart. C\u2019est le village aux trois canaux. Il est, en\neffet, situ\u00e9 \u00e0 la jonction du canal au gabarit de 1350 tonnes Nimy \u2013 P\u00e9ronnes\navec le canal Blaton \u2013Ath, navigable pour les p\u00e9niches de 300 tonnes et l\u2019ancien\ncanal &nbsp;Pommeroeul -Antoing, aujourd\u2019hui\nd\u00e9saffect\u00e9.<\/p>\n\n\n\n<p>Alors que partout \u00e0 la Toussaint les familles se rendent dans les cimeti\u00e8res, pour rendre hommage \u00e0 leurs d\u00e9funts, \u00e0 Blaton le f\u00eate de tous les saints est l\u2019occasion de r\u00e9jouissances populaires avec la kermesse des feuilles mortes et la foire.<\/p>\n\n\n\n<figure class=\"wp-block-image size-large\"><img fetchpriority=\"high\" decoding=\"async\" width=\"602\" height=\"406\" src=\"http:\/\/marchedudimanche.be\/wordpress\/wp-content\/uploads\/2021\/10\/image.png\" alt=\"\" class=\"wp-image-3173\" srcset=\"http:\/\/marchedudimanche.be\/wordpress\/wp-content\/uploads\/2021\/10\/image.png 602w, http:\/\/marchedudimanche.be\/wordpress\/wp-content\/uploads\/2021\/10\/image-300x202.png 300w\" sizes=\"(max-width: 602px) 100vw, 602px\" \/><figcaption>Blaton &#8211; L&rsquo;\u00e9glise de tous les Saints et le parc Posteau<\/figcaption><\/figure>\n\n\n\n<figure class=\"wp-block-image size-large\"><img decoding=\"async\" width=\"605\" height=\"376\" src=\"http:\/\/marchedudimanche.be\/wordpress\/wp-content\/uploads\/2021\/10\/image-1.png\" alt=\"\" class=\"wp-image-3174\" srcset=\"http:\/\/marchedudimanche.be\/wordpress\/wp-content\/uploads\/2021\/10\/image-1.png 605w, http:\/\/marchedudimanche.be\/wordpress\/wp-content\/uploads\/2021\/10\/image-1-300x186.png 300w\" sizes=\"(max-width: 605px) 100vw, 605px\" \/><figcaption>Blaton &#8211; Le canal vers Ath<\/figcaption><\/figure>\n\n\n\n<figure class=\"wp-block-image size-large\"><img decoding=\"async\" width=\"605\" height=\"358\" src=\"http:\/\/marchedudimanche.be\/wordpress\/wp-content\/uploads\/2021\/10\/image-2.png\" alt=\"\" class=\"wp-image-3175\" srcset=\"http:\/\/marchedudimanche.be\/wordpress\/wp-content\/uploads\/2021\/10\/image-2.png 605w, http:\/\/marchedudimanche.be\/wordpress\/wp-content\/uploads\/2021\/10\/image-2-300x178.png 300w\" sizes=\"(max-width: 605px) 100vw, 605px\" \/><figcaption>Blaton &#8211; L&rsquo;ancien canal Pommeroeul &#8211; Antoing, aujourd&rsquo;hui d\u00e9saffect\u00e9<\/figcaption><\/figure>\n\n\n\n<figure class=\"wp-block-image size-large\"><img loading=\"lazy\" decoding=\"async\" width=\"605\" height=\"358\" src=\"http:\/\/marchedudimanche.be\/wordpress\/wp-content\/uploads\/2021\/10\/image-3.png\" alt=\"\" class=\"wp-image-3176\" srcset=\"http:\/\/marchedudimanche.be\/wordpress\/wp-content\/uploads\/2021\/10\/image-3.png 605w, http:\/\/marchedudimanche.be\/wordpress\/wp-content\/uploads\/2021\/10\/image-3-300x178.png 300w\" sizes=\"(max-width: 605px) 100vw, 605px\" \/><figcaption>Blaton &#8211; Le canal Nimy &#8211; P\u00e9ronnes<\/figcaption><\/figure>\n","protected":false},"excerpt":{"rendered":"<p>Blaton fait partie de l\u2019entit\u00e9 de Bernissart. C\u2019est le village aux trois canaux. Il est, en effet, situ\u00e9 \u00e0 la jonction du canal au gabarit de 1350 tonnes Nimy \u2013 P\u00e9ronnes avec le canal Blaton \u2013Ath, navigable pour les p\u00e9niches de 300 tonnes et l\u2019ancien canal &nbsp;Pommeroeul -Antoing, aujourd\u2019hui d\u00e9saffect\u00e9. Alors que partout \u00e0 la [&hellip;]<\/p>\n","protected":false},"author":2,"featured_media":0,"comment_status":"closed","ping_status":"open","sticky":false,"template":"","format":"standard","meta":{"footnotes":""},"categories":[69],"tags":[],"class_list":["post-3172","post","type-post","status-publish","format-standard","hentry","category-blaton"],"_links":{"self":[{"href":"http:\/\/marchedudimanche.be\/wordpress\/wp-json\/wp\/v2\/posts\/3172","targetHints":{"allow":["GET"]}}],"collection":[{"href":"http:\/\/marchedudimanche.be\/wordpress\/wp-json\/wp\/v2\/posts"}],"about":[{"href":"http:\/\/marchedudimanche.be\/wordpress\/wp-json\/wp\/v2\/types\/post"}],"author":[{"embeddable":true,"href":"http:\/\/marchedudimanche.be\/wordpress\/wp-json\/wp\/v2\/users\/2"}],"replies":[{"embeddable":true,"href":"http:\/\/marchedudimanche.be\/wordpress\/wp-json\/wp\/v2\/comments?post=3172"}],"version-history":[{"count":3,"href":"http:\/\/marchedudimanche.be\/wordpress\/wp-json\/wp\/v2\/posts\/3172\/revisions"}],"predecessor-version":[{"id":3179,"href":"http:\/\/marchedudimanche.be\/wordpress\/wp-json\/wp\/v2\/posts\/3172\/revisions\/3179"}],"wp:attachment":[{"href":"http:\/\/marchedudimanche.be\/wordpress\/wp-json\/wp\/v2\/media?parent=3172"}],"wp:term":[{"taxonomy":"category","embeddable":true,"href":"http:\/\/marchedudimanche.be\/wordpress\/wp-json\/wp\/v2\/categories?post=3172"},{"taxonomy":"post_tag","embeddable":true,"href":"http:\/\/marchedudimanche.be\/wordpress\/wp-json\/wp\/v2\/tags?post=3172"}],"curies":[{"name":"wp","href":"https:\/\/api.w.org\/{rel}","templated":true}]}}