{"id":3243,"date":"2021-10-24T22:16:36","date_gmt":"2021-10-24T20:16:36","guid":{"rendered":"http:\/\/marchedudimanche.be\/wordpress\/?p=3243"},"modified":"2021-12-01T21:00:07","modified_gmt":"2021-12-01T20:00:07","slug":"erquennes","status":"publish","type":"post","link":"http:\/\/marchedudimanche.be\/wordpress\/2021\/10\/24\/erquennes\/","title":{"rendered":"Erquennes"},"content":{"rendered":"\n<p>Erquennes est un\nvillage frontalier de l\u2019entit\u00e9 de Honnelles. Il s\u2019\u00e9tend sur une superficie de\n395 ha et est travers\u00e9 par la petite Honnelle.<\/p>\n\n\n\n<p>La premi\u00e8re\nmention d\u2019 Erquennes remonte \u00e0 1018.<\/p>\n\n\n\n<p>L\u2019activit\u00e9\n\u00e9conomique est domin\u00e9e par l\u2019agriculture et l\u2019exploitation du bois.<\/p>\n\n\n\n<p>Jusqu\u2019au d\u00e9but\ndes ann\u00e9es 2000, Erquennes se transformait en village Etoile pour la No\u00ebl<\/p>\n\n\n\n<p>Les maisons superbement d\u00e9cor\u00e9es et illumin\u00e9es attiraient plus de 100.000 visiteurs.<\/p>\n\n\n\n<figure class=\"wp-block-image size-large\"><img fetchpriority=\"high\" decoding=\"async\" width=\"640\" height=\"480\" src=\"http:\/\/marchedudimanche.be\/wordpress\/wp-content\/uploads\/2021\/12\/image.png\" alt=\"\" class=\"wp-image-3300\" srcset=\"http:\/\/marchedudimanche.be\/wordpress\/wp-content\/uploads\/2021\/12\/image.png 640w, http:\/\/marchedudimanche.be\/wordpress\/wp-content\/uploads\/2021\/12\/image-300x225.png 300w\" sizes=\"(max-width: 640px) 100vw, 640px\" \/><figcaption>Erquennes &#8211; La croix des muets<br><\/figcaption><\/figure>\n\n\n\n<p>\n\nLa croix des muets : r\u00e9alit\u00e9 ou l\u00e9gende ?<\/p>\n\n\n\n<p>La l\u00e9gende raconte qu\u2019au XVIII\u00e8me si\u00e8cle, 2 muets, perdus dans la campagne d\u00e9sertique, se crois\u00e8rent \u00e0 cet endroit.<\/p>\n\n\n\n<p>L\u2019un des deux, pour demander son chemin, \u00e9mit des sons et gesticula, tentant de se faire comprendre.<\/p>\n\n\n\n<p>L\u2019autre en fit de m\u00eame pour lui r\u00e9pondre mais ses gestes furent interpr\u00e9t\u00e9s par le premier comme une moquerie de son handicap. S\u2019ensuit, entre les deux hommes, un pugilat sanglant car on retrouva, quelques heures plus tard, les deux muets morts : l\u2019un sur Athis et l\u2019autre sur Erquennes.<\/p>\n\n\n\n<p>Deux croix furent \u00e9rig\u00e9es \u00e0 l\u2019endroit o\u00f9 les deux corps gisaient.<\/p>\n\n\n\n<p>Les historiens \u00e9mettent une autre hypoth\u00e8se : la croix servait simplement de bornage pour d\u00e9limiter les terres de l\u2019Abbaye de Saint-Ghislain. Les deux muets, n\u00e9s trop t\u00f4t, ignoraient la langue des signes, laquelle fut invent\u00e9e vers 1760.\n\n<\/p>\n","protected":false},"excerpt":{"rendered":"<p>Erquennes est un village frontalier de l\u2019entit\u00e9 de Honnelles. Il s\u2019\u00e9tend sur une superficie de 395 ha et est travers\u00e9 par la petite Honnelle. La premi\u00e8re mention d\u2019 Erquennes remonte \u00e0 1018. L\u2019activit\u00e9 \u00e9conomique est domin\u00e9e par l\u2019agriculture et l\u2019exploitation du bois. Jusqu\u2019au d\u00e9but des ann\u00e9es 2000, Erquennes se transformait en village Etoile pour la [&hellip;]<\/p>\n","protected":false},"author":2,"featured_media":0,"comment_status":"closed","ping_status":"open","sticky":false,"template":"","format":"standard","meta":{"footnotes":""},"categories":[71,1],"tags":[],"class_list":["post-3243","post","type-post","status-publish","format-standard","hentry","category-erquennes","category-non-classe"],"_links":{"self":[{"href":"http:\/\/marchedudimanche.be\/wordpress\/wp-json\/wp\/v2\/posts\/3243","targetHints":{"allow":["GET"]}}],"collection":[{"href":"http:\/\/marchedudimanche.be\/wordpress\/wp-json\/wp\/v2\/posts"}],"about":[{"href":"http:\/\/marchedudimanche.be\/wordpress\/wp-json\/wp\/v2\/types\/post"}],"author":[{"embeddable":true,"href":"http:\/\/marchedudimanche.be\/wordpress\/wp-json\/wp\/v2\/users\/2"}],"replies":[{"embeddable":true,"href":"http:\/\/marchedudimanche.be\/wordpress\/wp-json\/wp\/v2\/comments?post=3243"}],"version-history":[{"count":8,"href":"http:\/\/marchedudimanche.be\/wordpress\/wp-json\/wp\/v2\/posts\/3243\/revisions"}],"predecessor-version":[{"id":3309,"href":"http:\/\/marchedudimanche.be\/wordpress\/wp-json\/wp\/v2\/posts\/3243\/revisions\/3309"}],"wp:attachment":[{"href":"http:\/\/marchedudimanche.be\/wordpress\/wp-json\/wp\/v2\/media?parent=3243"}],"wp:term":[{"taxonomy":"category","embeddable":true,"href":"http:\/\/marchedudimanche.be\/wordpress\/wp-json\/wp\/v2\/categories?post=3243"},{"taxonomy":"post_tag","embeddable":true,"href":"http:\/\/marchedudimanche.be\/wordpress\/wp-json\/wp\/v2\/tags?post=3243"}],"curies":[{"name":"wp","href":"https:\/\/api.w.org\/{rel}","templated":true}]}}