{"id":3270,"date":"2021-10-28T22:50:21","date_gmt":"2021-10-28T20:50:21","guid":{"rendered":"http:\/\/marchedudimanche.be\/wordpress\/?p=3270"},"modified":"2021-10-28T22:50:22","modified_gmt":"2021-10-28T20:50:22","slug":"hornu-la-maison-communale","status":"publish","type":"post","link":"http:\/\/marchedudimanche.be\/wordpress\/2021\/10\/28\/hornu-la-maison-communale\/","title":{"rendered":"Hornu &#8211; La maison communale"},"content":{"rendered":"\n<p>Elle a \u00e9t\u00e9 d\u00e9truite par un incendie le 24 ao\u00fbt 1914 et reconstruite en 1923.<\/p>\n\n\n\n<figure class=\"wp-block-image size-large\"><img fetchpriority=\"high\" decoding=\"async\" width=\"605\" height=\"387\" src=\"http:\/\/marchedudimanche.be\/wordpress\/wp-content\/uploads\/2021\/10\/image-16.png\" alt=\"\" class=\"wp-image-3271\" srcset=\"http:\/\/marchedudimanche.be\/wordpress\/wp-content\/uploads\/2021\/10\/image-16.png 605w, http:\/\/marchedudimanche.be\/wordpress\/wp-content\/uploads\/2021\/10\/image-16-300x192.png 300w\" sizes=\"(max-width: 605px) 100vw, 605px\" \/><figcaption>La premi\u00e8re maison communale<\/figcaption><\/figure>\n","protected":false},"excerpt":{"rendered":"<p>Elle a \u00e9t\u00e9 d\u00e9truite par un incendie le 24 ao\u00fbt 1914 et reconstruite en 1923.<\/p>\n","protected":false},"author":2,"featured_media":0,"comment_status":"closed","ping_status":"open","sticky":false,"template":"","format":"standard","meta":{"footnotes":""},"categories":[31],"tags":[],"class_list":["post-3270","post","type-post","status-publish","format-standard","hentry","category-hornu"],"_links":{"self":[{"href":"http:\/\/marchedudimanche.be\/wordpress\/wp-json\/wp\/v2\/posts\/3270","targetHints":{"allow":["GET"]}}],"collection":[{"href":"http:\/\/marchedudimanche.be\/wordpress\/wp-json\/wp\/v2\/posts"}],"about":[{"href":"http:\/\/marchedudimanche.be\/wordpress\/wp-json\/wp\/v2\/types\/post"}],"author":[{"embeddable":true,"href":"http:\/\/marchedudimanche.be\/wordpress\/wp-json\/wp\/v2\/users\/2"}],"replies":[{"embeddable":true,"href":"http:\/\/marchedudimanche.be\/wordpress\/wp-json\/wp\/v2\/comments?post=3270"}],"version-history":[{"count":1,"href":"http:\/\/marchedudimanche.be\/wordpress\/wp-json\/wp\/v2\/posts\/3270\/revisions"}],"predecessor-version":[{"id":3272,"href":"http:\/\/marchedudimanche.be\/wordpress\/wp-json\/wp\/v2\/posts\/3270\/revisions\/3272"}],"wp:attachment":[{"href":"http:\/\/marchedudimanche.be\/wordpress\/wp-json\/wp\/v2\/media?parent=3270"}],"wp:term":[{"taxonomy":"category","embeddable":true,"href":"http:\/\/marchedudimanche.be\/wordpress\/wp-json\/wp\/v2\/categories?post=3270"},{"taxonomy":"post_tag","embeddable":true,"href":"http:\/\/marchedudimanche.be\/wordpress\/wp-json\/wp\/v2\/tags?post=3270"}],"curies":[{"name":"wp","href":"https:\/\/api.w.org\/{rel}","templated":true}]}}