{"id":3575,"date":"2022-03-12T18:29:01","date_gmt":"2022-03-12T17:29:01","guid":{"rendered":"http:\/\/marchedudimanche.be\/wordpress\/?p=3575"},"modified":"2022-03-12T18:29:03","modified_gmt":"2022-03-12T17:29:03","slug":"aulnois-malplaquetfr-10-kms","status":"publish","type":"post","link":"http:\/\/marchedudimanche.be\/wordpress\/2022\/03\/12\/aulnois-malplaquetfr-10-kms\/","title":{"rendered":"Aulnois &#8211; Malplaquet(FR) &#8211; 10 kms"},"content":{"rendered":"\n<p> Cette randonn\u00e9e transfrontali\u00e8re permet de faire un retour dans l&rsquo;histoire pour s&rsquo;int\u00e9resser \u00e0 la bataille de Malplaquet. Nous arpenterons les lieux de cette terrible bataille oubli\u00e9e en empruntant 2 longs chemins. Cette confrontation s&rsquo;inscrit dans le cadre de la guerre de Succession d&rsquo;Espagne, qui opposa plusieurs puissances europ\u00e9ennes de 1701 \u00e0 1714. L&rsquo;origine du conflit est le d\u00e9c\u00e8s sans descendance de Charles II, roi d&rsquo;Espagne. Des familles r\u00e9gnantes apparent\u00e9es \u00e0 Charles II vont revendiquer le tr\u00f4ne. D&rsquo;un c\u00f4t\u00e9, la France (Bourbon) et de l&rsquo;autre, l&rsquo;Autriche (Habsbourg). Le jeu des alliances entrainera diverses nations dans ce conflit. Le 11 septembre 1709, la bataille va opposer 86000 hommes (autrichiens et hollandais) command\u00e9s par le duc de Marlborough et le prince Eug\u00e8ne de Savoie \u00e0 l&rsquo;arm\u00e9e franco-bavaroise des mar\u00e9chaux Villars et Boufflers, compos\u00e9e de 75000 hommes. Le long de cette promenade, quelques plaques comm\u00e9moratives \u00e9voquent les combats qui auraient fait, ce jour l\u00e0, plus de 30000 victimes. <\/p>\n\n\n\n<p><a href=\"https:\/\/www.openrunner.com\/r\/12515194\" target=\"_blank\" rel=\"noreferrer noopener\" aria-label=\" (s\u2019ouvre dans un nouvel onglet)\">Impression et fichier GPX disponibles via Openrunner<\/a><\/p>\n\n\n\n<iframe width=\"450px\" height=\"580px\" src=\"https:\/\/www.openrunner.com\/route\/12515194\/embed\/fr\/734551635254664b595a507a636b457a726158584d436a3373634856784c423067415a334b434c377553343d3a3ae21952beddbb907a6f0bd6c33737010b\" frameborder=\"0\" allowfullscreen><\/iframe>\n\n\n\n<p><\/p>\n","protected":false},"excerpt":{"rendered":"<p>Cette randonn\u00e9e transfrontali\u00e8re permet de faire un retour dans l&rsquo;histoire pour s&rsquo;int\u00e9resser \u00e0 la bataille de Malplaquet. Nous arpenterons les lieux de cette terrible bataille oubli\u00e9e en empruntant 2 longs chemins. Cette confrontation s&rsquo;inscrit dans le cadre de la guerre de Succession d&rsquo;Espagne, qui opposa plusieurs puissances europ\u00e9ennes de 1701 \u00e0 1714. L&rsquo;origine du conflit [&hellip;]<\/p>\n","protected":false},"author":1,"featured_media":0,"comment_status":"closed","ping_status":"open","sticky":false,"template":"","format":"standard","meta":{"footnotes":""},"categories":[77,78],"tags":[],"class_list":["post-3575","post","type-post","status-publish","format-standard","hentry","category-randonnees-non-guidees","category-randonnees-dans-les-hauts-pays"],"_links":{"self":[{"href":"http:\/\/marchedudimanche.be\/wordpress\/wp-json\/wp\/v2\/posts\/3575","targetHints":{"allow":["GET"]}}],"collection":[{"href":"http:\/\/marchedudimanche.be\/wordpress\/wp-json\/wp\/v2\/posts"}],"about":[{"href":"http:\/\/marchedudimanche.be\/wordpress\/wp-json\/wp\/v2\/types\/post"}],"author":[{"embeddable":true,"href":"http:\/\/marchedudimanche.be\/wordpress\/wp-json\/wp\/v2\/users\/1"}],"replies":[{"embeddable":true,"href":"http:\/\/marchedudimanche.be\/wordpress\/wp-json\/wp\/v2\/comments?post=3575"}],"version-history":[{"count":2,"href":"http:\/\/marchedudimanche.be\/wordpress\/wp-json\/wp\/v2\/posts\/3575\/revisions"}],"predecessor-version":[{"id":3577,"href":"http:\/\/marchedudimanche.be\/wordpress\/wp-json\/wp\/v2\/posts\/3575\/revisions\/3577"}],"wp:attachment":[{"href":"http:\/\/marchedudimanche.be\/wordpress\/wp-json\/wp\/v2\/media?parent=3575"}],"wp:term":[{"taxonomy":"category","embeddable":true,"href":"http:\/\/marchedudimanche.be\/wordpress\/wp-json\/wp\/v2\/categories?post=3575"},{"taxonomy":"post_tag","embeddable":true,"href":"http:\/\/marchedudimanche.be\/wordpress\/wp-json\/wp\/v2\/tags?post=3575"}],"curies":[{"name":"wp","href":"https:\/\/api.w.org\/{rel}","templated":true}]}}