{"id":3583,"date":"2022-03-12T18:40:47","date_gmt":"2022-03-12T17:40:47","guid":{"rendered":"http:\/\/marchedudimanche.be\/wordpress\/?p=3583"},"modified":"2022-03-13T08:37:51","modified_gmt":"2022-03-13T07:37:51","slug":"fayt-le-franc-hergiesfr-erquennes-10-kms","status":"publish","type":"post","link":"http:\/\/marchedudimanche.be\/wordpress\/2022\/03\/12\/fayt-le-franc-hergiesfr-erquennes-10-kms\/","title":{"rendered":"Fayt-le-franc &#8211; Hergies(FR) &#8211; Erquennes &#8211; 10 kms"},"content":{"rendered":"\n<p>Cette randonn\u00e9e champ\u00eatre vous propose une incursion en territoire fran\u00e7ais \u00e0 la d\u00e9couverte du monde rural. On quittera Fayt-le-franc par la rue Bracquemart pour prendre la direction du sud. Ce chemin carrossable permet d&rsquo;atteindre la fronti\u00e8re toute proche. Apr\u00e8s 2 kms, vous entrerez dans Eugnies par l&rsquo;unique rue du village: la rue de l&rsquo;\u00e9cole. Il faudra ensuite traverser la D305 pour se diriger vers Hergies, un village plus important. A l&rsquo;entr\u00e9e du camping \u00ab\u00a0La Jonqui\u00e8re\u00a0\u00bb, vous pourrez d\u00e9couvrir du vieux mat\u00e9riel agricole dont la fonction est d\u00e9sormais d\u00e9corative. Pour retourner vers la Belgique, on empruntera la rue Wilson pour atteindre l&rsquo;entr\u00e9e d&rsquo;un chemin agricole en direction du nord. Vous passerez de nouveau la fronti\u00e8re sans vous en rendre compte. A la chapelle, la rue de vert pignon vous permettra de retourner vers Erquennes. On atteindra la place en empruntant un sentier sur la gauche. On rejoindra l&rsquo;\u00e9cole maternelle \u00ab\u00a0La petite Honnelle\u00a0\u00bb, situ\u00e9e \u00e0 l&rsquo;entr\u00e9e d&rsquo;un sentier campagnard qui vous m\u00e9nera jusqu&rsquo;\u00e0 la rue d&rsquo;Erquennes. Apr\u00e8s avoir travers\u00e9 le carrefour de la Porte de France, vous pourrez rejoindre le point de d\u00e9part. Le long de cette promenade, vous rencontrerez beaucoup de cheveaux dans les p\u00e2tures.<a href=\"http:\/\/carto.marchedudimanche.be\/carto2\/app\/rando01.php#close\">\u00d7<\/a><a href=\"http:\/\/carto.marchedudimanche.be\/carto2\/app\/rando01.php#\">+<\/a><a href=\"http:\/\/carto.marchedudimanche.be\/carto2\/app\/rando01.php#\">\u2212<\/a><br><\/p>\n\n\n\n<p><a href=\"https:\/\/www.openrunner.com\/r\/12982814\" target=\"_blank\" rel=\"noreferrer noopener\" aria-label=\" (s\u2019ouvre dans un nouvel onglet)\">Impression et fichier GPX disponibles via Openrunner<\/a><\/p>\n\n\n\n<iframe width=\"450px\" height=\"580px\" src=\"https:\/\/www.openrunner.com\/route\/12982814\/embed\/fr\/796c6b706348646d455367386d4f517a334e6d71696a367853422b3752393074337a377351414758786b733d3a3ad23116b0e6be36f0662a1b8cd49f0255\" frameborder=\"0\" allowfullscreen=\"\"><\/iframe>\n\n\n\n<p><\/p>\n","protected":false},"excerpt":{"rendered":"<p>Cette randonn\u00e9e champ\u00eatre vous propose une incursion en territoire fran\u00e7ais \u00e0 la d\u00e9couverte du monde rural. On quittera Fayt-le-franc par la rue Bracquemart pour prendre la direction du sud. Ce chemin carrossable permet d&rsquo;atteindre la fronti\u00e8re toute proche. Apr\u00e8s 2 kms, vous entrerez dans Eugnies par l&rsquo;unique rue du village: la rue de l&rsquo;\u00e9cole. Il [&hellip;]<\/p>\n","protected":false},"author":1,"featured_media":0,"comment_status":"closed","ping_status":"open","sticky":false,"template":"","format":"standard","meta":{"footnotes":""},"categories":[77,78],"tags":[],"class_list":["post-3583","post","type-post","status-publish","format-standard","hentry","category-randonnees-non-guidees","category-randonnees-dans-les-hauts-pays"],"_links":{"self":[{"href":"http:\/\/marchedudimanche.be\/wordpress\/wp-json\/wp\/v2\/posts\/3583","targetHints":{"allow":["GET"]}}],"collection":[{"href":"http:\/\/marchedudimanche.be\/wordpress\/wp-json\/wp\/v2\/posts"}],"about":[{"href":"http:\/\/marchedudimanche.be\/wordpress\/wp-json\/wp\/v2\/types\/post"}],"author":[{"embeddable":true,"href":"http:\/\/marchedudimanche.be\/wordpress\/wp-json\/wp\/v2\/users\/1"}],"replies":[{"embeddable":true,"href":"http:\/\/marchedudimanche.be\/wordpress\/wp-json\/wp\/v2\/comments?post=3583"}],"version-history":[{"count":2,"href":"http:\/\/marchedudimanche.be\/wordpress\/wp-json\/wp\/v2\/posts\/3583\/revisions"}],"predecessor-version":[{"id":3614,"href":"http:\/\/marchedudimanche.be\/wordpress\/wp-json\/wp\/v2\/posts\/3583\/revisions\/3614"}],"wp:attachment":[{"href":"http:\/\/marchedudimanche.be\/wordpress\/wp-json\/wp\/v2\/media?parent=3583"}],"wp:term":[{"taxonomy":"category","embeddable":true,"href":"http:\/\/marchedudimanche.be\/wordpress\/wp-json\/wp\/v2\/categories?post=3583"},{"taxonomy":"post_tag","embeddable":true,"href":"http:\/\/marchedudimanche.be\/wordpress\/wp-json\/wp\/v2\/tags?post=3583"}],"curies":[{"name":"wp","href":"https:\/\/api.w.org\/{rel}","templated":true}]}}