{"id":3619,"date":"2022-03-13T08:51:36","date_gmt":"2022-03-13T07:51:36","guid":{"rendered":"http:\/\/marchedudimanche.be\/wordpress\/?p=3619"},"modified":"2022-03-13T09:07:32","modified_gmt":"2022-03-13T08:07:32","slug":"givry-vellereille-le-sec-10-kms","status":"publish","type":"post","link":"http:\/\/marchedudimanche.be\/wordpress\/2022\/03\/13\/givry-vellereille-le-sec-10-kms\/","title":{"rendered":"Givry &#8211; Vellereille-le-sec &#8211; 10 kms"},"content":{"rendered":"\n<p> Cette randonn\u00e9e, au d\u00e9part de la place de Givry, emprunte des chemins agricoles pour faire un aller-retour jusqu&rsquo;au parc \u00e9olien d&rsquo;Estinnes. On quittera Givry en empruntant une servitude \u00e0 travers une prairie. Apr\u00e8s 4 kms, on d\u00e9couvrira le petit village de Vellereille-le-sec (207 habitants en 2005). On pourra admirer quelques b\u00e2tisses qui font le charme de ce village. La petit \u00e9glise Saint-Amand vaut le d\u00e9tour. L&rsquo;ancienne \u00e9cole du village est reconvertie en maison villageoise. Le parc \u00e9olien a \u00e9t\u00e9 mis en service en 2010. A cette \u00e9poque, ces \u00e9oliennes \u00e9taient les plus hautes au monde lors de leur mise en exploitation. Apr\u00e8s \u00eatre pass\u00e9 devant le club d&rsquo;a\u00e9ro-mod\u00e9lisme, vous longerez le <a rel=\"noreferrer noopener\" aria-label=\"vignoble des Agaises (s\u2019ouvre dans un nouvel onglet)\" href=\"https:\/\/www.ruffus.be\/\" target=\"_blank\">vignoble des Agaises<\/a>, cr\u00e9\u00e9 en 2002. 23 hectares de vignes sont actuellement plant\u00e9es sur un terain calcaire (Chardonnay, pinot noir) et la r\u00e9nomm\u00e9e du vin effervescent \u00ab\u00a0Ruffus\u00a0\u00bb \u00e9labor\u00e9 dans les chais tout proche n&rsquo;est plus \u00e0 faire. Le succ\u00e8s obtenu par ce projet viticole a fait des \u00e9mules. D&rsquo;autres vignobles ont vu le jour dans la r\u00e9gion: Le <a rel=\"noreferrer noopener\" aria-label=\"chant d'Eole (s\u2019ouvre dans un nouvel onglet)\" href=\"https:\/\/www.chantdeole.be\/\" target=\"_blank\">chant d&rsquo;Eole<\/a> \u00e0 Qu\u00e9vy, le domaine du <a rel=\"noreferrer noopener\" aria-label=\"Mont-des-anges (s\u2019ouvre dans un nouvel onglet)\" href=\"https:\/\/montdesanges.be\/\" target=\"_blank\">Mont-des-anges<\/a> \u00e0 Nouvelles et  <a rel=\"noreferrer noopener\" aria-label=\"parcelles \u00e0 Sirault (s\u2019ouvre dans un nouvel onglet)\" href=\"https:\/\/www.facebook.com\/Le-Vignoble-de-Sirault-399801227502913\/\" target=\"_blank\">le vignoble de Sirault<\/a>. <\/p>\n\n\n\n<p><a href=\"https:\/\/www.openrunner.com\/r\/12777218\" target=\"_blank\" rel=\"noreferrer noopener\" aria-label=\"Impression et fichier GPX disponibles via Openrunner (s\u2019ouvre dans un nouvel onglet)\">Impression et fichier GPX disponibles via Openrunner<\/a><\/p>\n\n\n\n<iframe width=\"450px\" height=\"580px\" src=\"https:\/\/www.openrunner.com\/route\/12777218\/embed\/fr\/307732415656314f5a386e2f395a4c61424a31674c5167334973787074684333744367676b6e46665438383d3a3a95c22f8e6092a470d5890a8f48c70e5c\" frameborder=\"0\" allowfullscreen=\"\"><\/iframe>\n\n\n\n<p><\/p>\n","protected":false},"excerpt":{"rendered":"<p>Cette randonn\u00e9e, au d\u00e9part de la place de Givry, emprunte des chemins agricoles pour faire un aller-retour jusqu&rsquo;au parc \u00e9olien d&rsquo;Estinnes. On quittera Givry en empruntant une servitude \u00e0 travers une prairie. Apr\u00e8s 4 kms, on d\u00e9couvrira le petit village de Vellereille-le-sec (207 habitants en 2005). On pourra admirer quelques b\u00e2tisses qui font le charme [&hellip;]<\/p>\n","protected":false},"author":1,"featured_media":0,"comment_status":"closed","ping_status":"open","sticky":false,"template":"","format":"standard","meta":{"footnotes":""},"categories":[77,78],"tags":[],"class_list":["post-3619","post","type-post","status-publish","format-standard","hentry","category-randonnees-non-guidees","category-randonnees-dans-les-hauts-pays"],"_links":{"self":[{"href":"http:\/\/marchedudimanche.be\/wordpress\/wp-json\/wp\/v2\/posts\/3619","targetHints":{"allow":["GET"]}}],"collection":[{"href":"http:\/\/marchedudimanche.be\/wordpress\/wp-json\/wp\/v2\/posts"}],"about":[{"href":"http:\/\/marchedudimanche.be\/wordpress\/wp-json\/wp\/v2\/types\/post"}],"author":[{"embeddable":true,"href":"http:\/\/marchedudimanche.be\/wordpress\/wp-json\/wp\/v2\/users\/1"}],"replies":[{"embeddable":true,"href":"http:\/\/marchedudimanche.be\/wordpress\/wp-json\/wp\/v2\/comments?post=3619"}],"version-history":[{"count":5,"href":"http:\/\/marchedudimanche.be\/wordpress\/wp-json\/wp\/v2\/posts\/3619\/revisions"}],"predecessor-version":[{"id":3626,"href":"http:\/\/marchedudimanche.be\/wordpress\/wp-json\/wp\/v2\/posts\/3619\/revisions\/3626"}],"wp:attachment":[{"href":"http:\/\/marchedudimanche.be\/wordpress\/wp-json\/wp\/v2\/media?parent=3619"}],"wp:term":[{"taxonomy":"category","embeddable":true,"href":"http:\/\/marchedudimanche.be\/wordpress\/wp-json\/wp\/v2\/categories?post=3619"},{"taxonomy":"post_tag","embeddable":true,"href":"http:\/\/marchedudimanche.be\/wordpress\/wp-json\/wp\/v2\/tags?post=3619"}],"curies":[{"name":"wp","href":"https:\/\/api.w.org\/{rel}","templated":true}]}}