{"id":688,"date":"2020-01-27T21:36:29","date_gmt":"2020-01-27T20:36:29","guid":{"rendered":"http:\/\/marchedudimanche.be\/wordpress\/?p=688"},"modified":"2022-04-22T11:03:21","modified_gmt":"2022-04-22T09:03:21","slug":"grandglise","status":"publish","type":"post","link":"http:\/\/marchedudimanche.be\/wordpress\/2020\/01\/27\/grandglise\/","title":{"rendered":"Grandglise"},"content":{"rendered":"\n<p class=\"has-text-align-right\"> <a href=\"http:\/\/marchedudimanche.be\/wordpress\/2020\/01\/27\/grandglise\/print\/\" title=\"Imprimer cet article\" rel=\"nofollow\"><img decoding=\"async\" class=\"WP-PrintIcon\" src=\"http:\/\/marchedudimanche.be\/wordpress\/wp-content\/plugins\/wp-print\/images\/printer_famfamfam.gif\" alt=\"Imprimer cet article\" title=\"Imprimer cet article\" style=\"border: 0px;\" \/><\/a>   <\/p>\n\n\n\n<p>Ce village est travers\u00e9 de part en part par la chauss\u00e9e romaine Bavay-Blicquy-Mer du Nord.<\/p>\n\n\n\n<figure class=\"wp-block-image size-large\"><img fetchpriority=\"high\" decoding=\"async\" width=\"807\" height=\"1024\" src=\"http:\/\/marchedudimanche.be\/wordpress\/wp-content\/uploads\/2022\/04\/image-3-807x1024.png\" alt=\"\" class=\"wp-image-3727\" srcset=\"http:\/\/marchedudimanche.be\/wordpress\/wp-content\/uploads\/2022\/04\/image-3-807x1024.png 807w, http:\/\/marchedudimanche.be\/wordpress\/wp-content\/uploads\/2022\/04\/image-3-236x300.png 236w, http:\/\/marchedudimanche.be\/wordpress\/wp-content\/uploads\/2022\/04\/image-3-768x975.png 768w, http:\/\/marchedudimanche.be\/wordpress\/wp-content\/uploads\/2022\/04\/image-3.png 809w\" sizes=\"(max-width: 807px) 100vw, 807px\" \/><\/figure>\n\n\n\n<figure class=\"wp-block-image size-large\"><img decoding=\"async\" width=\"605\" height=\"355\" src=\"http:\/\/marchedudimanche.be\/wordpress\/wp-content\/uploads\/2020\/01\/image-11.png\" alt=\"\" class=\"wp-image-689\" srcset=\"http:\/\/marchedudimanche.be\/wordpress\/wp-content\/uploads\/2020\/01\/image-11.png 605w, http:\/\/marchedudimanche.be\/wordpress\/wp-content\/uploads\/2020\/01\/image-11-300x176.png 300w\" sizes=\"(max-width: 605px) 100vw, 605px\" \/><figcaption>Route Saint-Ghislain &#8211; Tournai<\/figcaption><\/figure>\n\n\n\n<p>Les facteurs ayant favoris\u00e9s l&rsquo;\u00e9mergence du village sont:<\/p>\n\n\n\n<ul class=\"wp-block-list\"><li>les voies de communication: Chauss\u00e9e romaine antique<\/li><li>sources d&rsquo;eau ou cours d&rsquo;eau: le ruisseau de la fontaine-Bouillante<\/li><li>source de bois: toute la r\u00e9gion \u00e9tait bois\u00e9e; il en subsiste de nombreux vestiges<\/li><li>proximit\u00e9 d&rsquo;un lieu de pouvoir: ch\u00e2teau m\u00e9dieval de Blaton ?<\/li><\/ul>\n\n\n\n<p>La population du village a \u00e9t\u00e9 d\u00e9cim\u00e9e par une \u00e9pid\u00e9mie de peste qui a s\u00e9vit dans la r\u00e9gion en 1635.<\/p>\n\n\n\n<p>La paroisse de Grandglise, d\u00e9di\u00e9e \u00e0 Saint-Martin,  a \u00e9t\u00e9 longtemps d\u00e9pendante de Stambruges de d\u2019Harchies. La paroisse est autonome depuis 1803.<\/p>\n\n\n\n<p>L\u2019\u00e9glise Saint Martin date de 1854. Edifice de style n\u00e9ogothique r\u00e9alis\u00e9 en gr\u00e8s de sable, elle est pr\u00e9c\u00e9d\u00e9e d\u2019une double rang\u00e9e de peupliers centenaires.<\/p>\n\n\n\n<figure class=\"wp-block-image size-large\"><img decoding=\"async\" width=\"571\" height=\"353\" src=\"http:\/\/marchedudimanche.be\/wordpress\/wp-content\/uploads\/2020\/01\/image-15.png\" alt=\"\" class=\"wp-image-776\" srcset=\"http:\/\/marchedudimanche.be\/wordpress\/wp-content\/uploads\/2020\/01\/image-15.png 571w, http:\/\/marchedudimanche.be\/wordpress\/wp-content\/uploads\/2020\/01\/image-15-300x185.png 300w\" sizes=\"(max-width: 571px) 100vw, 571px\" \/><figcaption>L&rsquo;\u00e9glise Saint-Martin<br><\/figcaption><\/figure>\n\n\n\n<p>Lors de la 2<sup>\u00e8me<\/sup> guerre mondiale, l\u2019occupant allemand enl\u00e8ve la cloche qui sera exp\u00e9di\u00e9e en Allemagne.<\/p>\n\n\n\n<p>Grandglise disposait d&rsquo;une gare situ\u00e9e sur la ligne Blaton \u2013 Ath, ouverte le 24 juin 1877 et ferm\u00e9e le 3 juillet 1960. Le b\u00e2timent, bien entretenu, est pr\u00e9sentement une habitation priv\u00e9e. <\/p>\n\n\n\n<figure class=\"wp-block-image size-large\"><img loading=\"lazy\" decoding=\"async\" width=\"576\" height=\"357\" src=\"http:\/\/marchedudimanche.be\/wordpress\/wp-content\/uploads\/2020\/01\/image-17.png\" alt=\"\" class=\"wp-image-778\" srcset=\"http:\/\/marchedudimanche.be\/wordpress\/wp-content\/uploads\/2020\/01\/image-17.png 576w, http:\/\/marchedudimanche.be\/wordpress\/wp-content\/uploads\/2020\/01\/image-17-300x186.png 300w\" sizes=\"(max-width: 576px) 100vw, 576px\" \/><figcaption>La gare de Grandglise<\/figcaption><\/figure>\n\n\n\n<p>Outre les chauss\u00e9es et chemins \u00e9voqu\u00e9s plus haut, on\npeut citer les canaux&nbsp;:<\/p>\n\n\n\n<ul class=\"wp-block-list\"><li>Le canal\n     Blaton-Ath-Dendre, XIX\u00e8me, qui traverse le village d\u2019ouest en est<\/li><li>Le\n     canal de Nimy \u00e0 Blaton, ann\u00e9es \u20181950, qui fait une partie de la limite sud\n     avec le village de Harchies.<\/li><\/ul>\n\n\n\n<p>L\u2019autoroute A16 passe aussi par le sud du village. <\/p>\n\n\n\n<p>Grandglise et Quevaucamps font partie, depuis la fusion des communes de 1977, de l\u2019entit\u00e9 de Beloeil de m\u00eame que Aubechies, Bas\u00e8cles, Ellignies-Sainte-Anne, Ramegnies, Stambruges, Thumaide et Wadelincourt.<\/p>\n\n\n\n<figure class=\"wp-block-image size-large\"><img loading=\"lazy\" decoding=\"async\" width=\"562\" height=\"350\" src=\"http:\/\/marchedudimanche.be\/wordpress\/wp-content\/uploads\/2020\/01\/image-16.png\" alt=\"\" class=\"wp-image-777\" srcset=\"http:\/\/marchedudimanche.be\/wordpress\/wp-content\/uploads\/2020\/01\/image-16.png 562w, http:\/\/marchedudimanche.be\/wordpress\/wp-content\/uploads\/2020\/01\/image-16-300x187.png 300w\" sizes=\"(max-width: 562px) 100vw, 562px\" \/><figcaption>La place et le kiosque<br><\/figcaption><\/figure>\n\n\n\n<p>L&rsquo;\u00e9conomie fut principalement agricole: c\u00e9r\u00e9ales, plantes fourrag\u00e8res, pomme de terre et un peu d&rsquo;\u00e9levage. Les bois situ\u00e9s au sud \u00e9taient exploit\u00e9s par Harchies.<\/p>\n\n\n\n<p>Il exista un <strong>moulin<\/strong> \u00e0 eau, le \u00ab\u00a0Moulin du Ri\u00e9\u00a0\u00bb au \u00ab\u00a0Champ du Fayt\u00a0\u00bb sur le ruisseau de la Fontaine Bouillante, au croisement de la chauss\u00e9e Brunehaut et de la chauss\u00e9e Mons-Tournai.\u00a0Appel\u00e9 aussi moulin Frison.<\/p>\n\n\n\n<p>Ses activit\u00e9s s\u2019arr\u00eat\u00e8rent avant 1931. Les b\u00e2timents\nsont conserv\u00e9s.&nbsp;<\/p>\n\n\n\n<figure class=\"wp-block-image size-large\"><img loading=\"lazy\" decoding=\"async\" width=\"537\" height=\"357\" src=\"http:\/\/marchedudimanche.be\/wordpress\/wp-content\/uploads\/2022\/04\/image-4.png\" alt=\"\" class=\"wp-image-3730\" srcset=\"http:\/\/marchedudimanche.be\/wordpress\/wp-content\/uploads\/2022\/04\/image-4.png 537w, http:\/\/marchedudimanche.be\/wordpress\/wp-content\/uploads\/2022\/04\/image-4-300x199.png 300w\" sizes=\"(max-width: 537px) 100vw, 537px\" \/><\/figure>\n\n\n\n<p>On exploita le sous-sol&nbsp;:<\/p>\n\n\n\n<ul class=\"wp-block-list\"><li>Le <strong>sable<\/strong> dans des\n     sabli\u00e8res<\/li><li>Le <strong>gr\u00e8s&nbsp;<\/strong>dans\n     des carri\u00e8res de gr\u00e8s et de psammite, avec lesquels on confectionnait des\n     pav\u00e9s et des moellons (depuis des temps anciens, mais encore tr\u00e8s prosp\u00e8re\n     au XIX\u00e8me).<\/li><\/ul>\n\n\n\n<p>On trouva aussi une fabrique de produits <strong>r\u00e9fractaires<\/strong><\/p>\n\n\n\n<p>A Grandglise, comme dans les villages voisins, les <strong>bonneteries<\/strong>\nfurent nombreuses.<\/p>\n","protected":false},"excerpt":{"rendered":"<p>Ce village est travers\u00e9 de part en part par la chauss\u00e9e romaine Bavay-Blicquy-Mer du Nord. Les facteurs ayant favoris\u00e9s l&rsquo;\u00e9mergence du village sont: les voies de communication: Chauss\u00e9e romaine antique sources d&rsquo;eau ou cours d&rsquo;eau: le ruisseau de la fontaine-Bouillante source de bois: toute la r\u00e9gion \u00e9tait bois\u00e9e; il en subsiste de nombreux vestiges proximit\u00e9 [&hellip;]<\/p>\n","protected":false},"author":2,"featured_media":0,"comment_status":"closed","ping_status":"open","sticky":false,"template":"","format":"standard","meta":{"footnotes":""},"categories":[5],"tags":[],"class_list":["post-688","post","type-post","status-publish","format-standard","hentry","category-commentaires"],"_links":{"self":[{"href":"http:\/\/marchedudimanche.be\/wordpress\/wp-json\/wp\/v2\/posts\/688","targetHints":{"allow":["GET"]}}],"collection":[{"href":"http:\/\/marchedudimanche.be\/wordpress\/wp-json\/wp\/v2\/posts"}],"about":[{"href":"http:\/\/marchedudimanche.be\/wordpress\/wp-json\/wp\/v2\/types\/post"}],"author":[{"embeddable":true,"href":"http:\/\/marchedudimanche.be\/wordpress\/wp-json\/wp\/v2\/users\/2"}],"replies":[{"embeddable":true,"href":"http:\/\/marchedudimanche.be\/wordpress\/wp-json\/wp\/v2\/comments?post=688"}],"version-history":[{"count":7,"href":"http:\/\/marchedudimanche.be\/wordpress\/wp-json\/wp\/v2\/posts\/688\/revisions"}],"predecessor-version":[{"id":3731,"href":"http:\/\/marchedudimanche.be\/wordpress\/wp-json\/wp\/v2\/posts\/688\/revisions\/3731"}],"wp:attachment":[{"href":"http:\/\/marchedudimanche.be\/wordpress\/wp-json\/wp\/v2\/media?parent=688"}],"wp:term":[{"taxonomy":"category","embeddable":true,"href":"http:\/\/marchedudimanche.be\/wordpress\/wp-json\/wp\/v2\/categories?post=688"},{"taxonomy":"post_tag","embeddable":true,"href":"http:\/\/marchedudimanche.be\/wordpress\/wp-json\/wp\/v2\/tags?post=688"}],"curies":[{"name":"wp","href":"https:\/\/api.w.org\/{rel}","templated":true}]}}